{"id":9932,"date":"2018-01-29T16:37:12","date_gmt":"2018-01-29T16:37:12","guid":{"rendered":"http:\/\/www.lambent.com\/?p=9932"},"modified":"2018-02-02T23:27:43","modified_gmt":"2018-02-02T23:27:43","slug":"educacao-moral-e-civica-por-andrea-lages","status":"publish","type":"post","link":"https:\/\/www.lambent.com\/pt-br\/educacao-moral-e-civica-por-andrea-lages\/","title":{"rendered":"Educa\u00e7\u00e3o Moral e C\u00edvica \u2013 por Andrea Lages"},"content":{"rendered":"<h4><\/h4>\n<p><a href=\"http:\/\/www.lambent.com\/wp-content\/uploads\/2018\/02\/Educacao-Andrea-diego-martinez-397253-menor.jpg\"><img loading=\"lazy\" decoding=\"async\" class=\"wp-image-9928 aligncenter\" src=\"http:\/\/www.lambent.com\/wp-content\/uploads\/2018\/02\/Educacao-Andrea-diego-martinez-397253-menor-300x240.jpg\" alt=\"\" width=\"791\" height=\"632\" srcset=\"https:\/\/www.lambent.com\/wp-content\/uploads\/2018\/02\/Educacao-Andrea-diego-martinez-397253-menor-300x240.jpg 300w, https:\/\/www.lambent.com\/wp-content\/uploads\/2018\/02\/Educacao-Andrea-diego-martinez-397253-menor.jpg 700w\" sizes=\"auto, (max-width: 791px) 100vw, 791px\" \/><\/a><\/p>\n<h5><strong>Nos meus primeiros anos de escola, uma das minhas mat\u00e9rias favoritas se chamava Educa\u00e7\u00e3o Moral e C\u00edvica.<\/strong><\/h5>\n<h5>Dependendo da \u00e9poca em que cada leitor viveu a sua inf\u00e2ncia, saber\u00e1 a que me refiro.<\/h5>\n<h5>Para os que n\u00e3o conhecem, a E.M.C. era uma mat\u00e9ria formal e obrigat\u00f3ria nas escolas, que tinha como intuito ajudar a formar bons cidad\u00e3os, os quais conheciam os seus deveres e direitos.<\/h5>\n<h5>Mas este objetivo eu s\u00f3 descobri recentemente, naquela \u00e9poca jamais me ocorreu o significado literal destas palavras, eu simplesmente adorava pintar os desenhinhos das historinhas em quadrinho, a bandeira do Brasil, e conversar a respeito de fatos cotidianos da minha cidade e pais. Isso era muito mais legal do que decorar a tabuada ou aprender a respeito de coisas que haviam acontecido e deixado de acontecer centenas de anos antes de eu sequer existir!<\/h5>\n<p>&nbsp;<\/p>\n<h5><strong>Outro dia, voltando de carro para a minha casa aqui em Londres, observava as pessoas atravessando a rua na minha frente, e pensava&#8230; como os valores morais de uma cultura ou regi\u00e3o se refletem diretamente na realidade cotidiana de toda uma na\u00e7\u00e3o?<\/strong><\/h5>\n<h5><\/h5>\n<h5>E pensei em todos os pa\u00edses em que j\u00e1 estive, que s\u00e3o dezenas deles, e em culturas de maneira geral, e como fica claro perceber quais s\u00e3o aqueles valores estabelecidos fortemente desde o ber\u00e7o, naquela cultura da qual aquela pessoa fez e da que faz parte.<\/h5>\n<h5>Uma pesquisa de IVH (\u00cdndice de Valor Humano) realizada pela ONU (Organiza\u00e7\u00e3o das Na\u00e7\u00f5es Unidas) mostrou que na opini\u00e3o dos brasileiros, de forma geral, o que \u00e9 necess\u00e1rio mudar no Brasil para a qualidade de vida melhorar de verdade \u00e9 em primeiro lugar, a educa\u00e7\u00e3o, seguida de pol\u00edtica p\u00fablica, viol\u00eancia, valores morais e emprego. J\u00e1 no Estado de S\u00e3o Paulo houve uma varia\u00e7\u00e3o em rela\u00e7\u00e3o \u00e0 opini\u00e3o nacional, ficando valores morais em primeiro lugar.<\/h5>\n<h5><strong>Muito provavelmente, se a mesma pesquisa fosse feita na Inglaterra ou em qualquer outro pais, o resultado seria outro.<\/strong><\/h5>\n<h5>E a\u00ed me ocorreu: Isso vale n\u00e3o somente para pa\u00edses, mas tamb\u00e9m para cada uma das fam\u00edlias e dos cidad\u00e3os.<\/h5>\n<h5>Se pararmos para pensar, veremos claramente como os valores que vivenciamos (ou n\u00e3o) na nossa casa, influencia a nossa vida de maneira geral.<\/h5>\n<h5>Eu particularmente tenho dois valores muito fortes e inabal\u00e1veis, um \u00e9 o respeito, o outro a honestidade.<\/h5>\n<h5>N\u00e3o consigo imaginar uma vida satisfatoriamente feliz sem a presen\u00e7a de um destes dois valores.<\/h5>\n<h5>E analisando a minha realidade, vejo como todos na minha casa, tamb\u00e9m adotaram os mesmos valores orientadores, assim como eu adotei os valores dos outros membros da minha fam\u00edlia.<\/h5>\n<p>&nbsp;<\/p>\n<h4><strong>E nisso eu pensava quando observava as pessoas atravessando a rua&#8230; na tranquilidade em que estava sentindo, parada no farol, com o vidro aberto, e nem sequer pensando em checar o espelhinho para me assegurar de que ningu\u00e9m estava se acercando para me assaltar. E todos ao redor estavam agindo da mesma maneira.<\/strong><\/h4>\n<h5><\/h5>\n<h5>O menino que aparentava ter uns 10 anos atravessando a rua sozinho, com a sua mochila de escola, falando em um iPhone, o executivo com a sua mochila nas costas, a qual n\u00e3o tentava disfar\u00e7ar a presen\u00e7a de um laptop, e o velhinho, que atravessava a rua calmamente com a sua bengala, sem ser atropelado pelos outros pedestres e sem se preocupar em terminar de cruzar depressa, por se acaso o sinal verde ficasse vermelho para ele.<\/h5>\n<h5>E percebi a principal raz\u00e3o para eu amar Londres, \u00e9 porque as pessoas e seus valores, constroem uma na\u00e7\u00e3o e (independente do clima meteorol\u00f3gico), constroem a qualidade da vida que possuem. (N\u00e3o me refiro apenas a Londres, mas mencionando o que eu observava enquanto pensava a este respeito. Claro que amo muito o Brasil, no entanto, por raz\u00f5es diferentes.).<\/h5>\n<h5>Nossos valores constroem a nossa realidade, desde que sejamos congruentes com eles!<\/h5>\n<h5>Afinal, de que serve valorizar a educa\u00e7\u00e3o se voc\u00ea morre de pregui\u00e7a de ler um livro?<\/h5>\n<h5>Ou a honestidade se voc\u00ea fica feliz quando recebe um troco a mais e nem considera devolver a diferen\u00e7a ao caixa da loja?<\/h5>\n<h5>Voltando a educa\u00e7\u00e3o moral e c\u00edvica, e sabendo que ela j\u00e1 n\u00e3o \u00e9 mat\u00e9ria obrigat\u00f3ria nas escolas, o que cada um de n\u00f3s pode fazer para incorpor\u00e1-la na nossa rotina para assim contribuir para uma sociedade mais moral e civicamente satisfat\u00f3ria?<\/h5>","protected":false},"excerpt":{"rendered":"<p>Nos meus primeiros anos de escola, uma das minhas mat\u00e9rias favoritas se chamava Educa\u00e7\u00e3o Moral e C\u00edvica. Dependendo da \u00e9poca em que cada leitor viveu a sua inf\u00e2ncia, saber\u00e1 a que me refiro. Para os que n\u00e3o conhecem, a E.M.C. era uma mat\u00e9ria formal e obrigat\u00f3ria nas escolas, que tinha como intuito ajudar a formar [&hellip;]<\/p>\n","protected":false},"author":11,"featured_media":0,"comment_status":"closed","ping_status":"closed","sticky":false,"template":"","format":"standard","meta":{"footnotes":""},"categories":[106,128,67],"tags":[],"class_list":["post-9932","post","type-post","status-publish","format-standard","hentry","category-articles-es","category-coaching-blog-lambent-pt-br","category-ultimas-noticias"],"yoast_head":"<!-- This site is optimized with the Yoast SEO plugin v26.8 - https:\/\/yoast.com\/product\/yoast-seo-wordpress\/ -->\n<title>Educa\u00e7\u00e3o Moral e C\u00edvica \u2013 por Andrea Lages - Lambent<\/title>\n<meta name=\"robots\" content=\"index, follow, max-snippet:-1, max-image-preview:large, max-video-preview:-1\" \/>\n<link rel=\"canonical\" href=\"https:\/\/www.lambent.com\/pt-br\/educacao-moral-e-civica-por-andrea-lages\/\" \/>\n<meta property=\"og:locale\" content=\"pt_BR\" \/>\n<meta property=\"og:type\" content=\"article\" \/>\n<meta property=\"og:title\" content=\"Educa\u00e7\u00e3o Moral e C\u00edvica \u2013 por Andrea Lages - Lambent\" \/>\n<meta property=\"og:description\" content=\"Nos meus primeiros anos de escola, uma das minhas mat\u00e9rias favoritas se chamava Educa\u00e7\u00e3o Moral e C\u00edvica. Dependendo da \u00e9poca em que cada leitor viveu a sua inf\u00e2ncia, saber\u00e1 a que me refiro. Para os que n\u00e3o conhecem, a E.M.C. era uma mat\u00e9ria formal e obrigat\u00f3ria nas escolas, que tinha como intuito ajudar a formar [&hellip;]\" \/>\n<meta property=\"og:url\" content=\"https:\/\/www.lambent.com\/pt-br\/educacao-moral-e-civica-por-andrea-lages\/\" \/>\n<meta property=\"og:site_name\" content=\"Lambent\" \/>\n<meta property=\"article:published_time\" content=\"2018-01-29T16:37:12+00:00\" \/>\n<meta property=\"article:modified_time\" content=\"2018-02-02T23:27:43+00:00\" \/>\n<meta property=\"og:image\" content=\"http:\/\/www.lambent.com\/wp-content\/uploads\/2018\/02\/Educacao-Andrea-diego-martinez-397253-menor-300x240.jpg\" \/>\n<meta name=\"author\" content=\"Alex Guerreiro\" \/>\n<meta name=\"twitter:label1\" content=\"Escrito por\" \/>\n\t<meta name=\"twitter:data1\" content=\"Alex Guerreiro\" \/>\n\t<meta name=\"twitter:label2\" content=\"Est. tempo de leitura\" \/>\n\t<meta name=\"twitter:data2\" content=\"4 minutos\" \/>\n<script type=\"application\/ld+json\" class=\"yoast-schema-graph\">{\"@context\":\"https:\/\/schema.org\",\"@graph\":[{\"@type\":\"Article\",\"@id\":\"https:\/\/www.lambent.com\/pt-br\/educacao-moral-e-civica-por-andrea-lages\/#article\",\"isPartOf\":{\"@id\":\"https:\/\/www.lambent.com\/pt-br\/educacao-moral-e-civica-por-andrea-lages\/\"},\"author\":{\"name\":\"Alex Guerreiro\",\"@id\":\"https:\/\/www.lambent.com\/#\/schema\/person\/a4c7edffc6de1ead0f3d6cc500075d55\"},\"headline\":\"Educa\u00e7\u00e3o Moral e C\u00edvica \u2013 por Andrea Lages\",\"datePublished\":\"2018-01-29T16:37:12+00:00\",\"dateModified\":\"2018-02-02T23:27:43+00:00\",\"mainEntityOfPage\":{\"@id\":\"https:\/\/www.lambent.com\/pt-br\/educacao-moral-e-civica-por-andrea-lages\/\"},\"wordCount\":768,\"image\":{\"@id\":\"https:\/\/www.lambent.com\/pt-br\/educacao-moral-e-civica-por-andrea-lages\/#primaryimage\"},\"thumbnailUrl\":\"http:\/\/www.lambent.com\/wp-content\/uploads\/2018\/02\/Educacao-Andrea-diego-martinez-397253-menor-300x240.jpg\",\"articleSection\":[\"Articles\",\"Blog\",\"Ultimas Noticias\"],\"inLanguage\":\"pt-BR\"},{\"@type\":\"WebPage\",\"@id\":\"https:\/\/www.lambent.com\/pt-br\/educacao-moral-e-civica-por-andrea-lages\/\",\"url\":\"https:\/\/www.lambent.com\/pt-br\/educacao-moral-e-civica-por-andrea-lages\/\",\"name\":\"Educa\u00e7\u00e3o Moral e C\u00edvica \u2013 por Andrea Lages - Lambent\",\"isPartOf\":{\"@id\":\"https:\/\/www.lambent.com\/#website\"},\"primaryImageOfPage\":{\"@id\":\"https:\/\/www.lambent.com\/pt-br\/educacao-moral-e-civica-por-andrea-lages\/#primaryimage\"},\"image\":{\"@id\":\"https:\/\/www.lambent.com\/pt-br\/educacao-moral-e-civica-por-andrea-lages\/#primaryimage\"},\"thumbnailUrl\":\"http:\/\/www.lambent.com\/wp-content\/uploads\/2018\/02\/Educacao-Andrea-diego-martinez-397253-menor-300x240.jpg\",\"datePublished\":\"2018-01-29T16:37:12+00:00\",\"dateModified\":\"2018-02-02T23:27:43+00:00\",\"author\":{\"@id\":\"https:\/\/www.lambent.com\/#\/schema\/person\/a4c7edffc6de1ead0f3d6cc500075d55\"},\"inLanguage\":\"pt-BR\",\"potentialAction\":[{\"@type\":\"ReadAction\",\"target\":[\"https:\/\/www.lambent.com\/pt-br\/educacao-moral-e-civica-por-andrea-lages\/\"]}]},{\"@type\":\"ImageObject\",\"inLanguage\":\"pt-BR\",\"@id\":\"https:\/\/www.lambent.com\/pt-br\/educacao-moral-e-civica-por-andrea-lages\/#primaryimage\",\"url\":\"http:\/\/www.lambent.com\/wp-content\/uploads\/2018\/02\/Educacao-Andrea-diego-martinez-397253-menor-300x240.jpg\",\"contentUrl\":\"http:\/\/www.lambent.com\/wp-content\/uploads\/2018\/02\/Educacao-Andrea-diego-martinez-397253-menor-300x240.jpg\"},{\"@type\":\"WebSite\",\"@id\":\"https:\/\/www.lambent.com\/#website\",\"url\":\"https:\/\/www.lambent.com\/\",\"name\":\"Lambent\",\"description\":\"International Coaching Training\",\"potentialAction\":[{\"@type\":\"SearchAction\",\"target\":{\"@type\":\"EntryPoint\",\"urlTemplate\":\"https:\/\/www.lambent.com\/?s={search_term_string}\"},\"query-input\":{\"@type\":\"PropertyValueSpecification\",\"valueRequired\":true,\"valueName\":\"search_term_string\"}}],\"inLanguage\":\"pt-BR\"},{\"@type\":\"Person\",\"@id\":\"https:\/\/www.lambent.com\/#\/schema\/person\/a4c7edffc6de1ead0f3d6cc500075d55\",\"name\":\"Alex Guerreiro\",\"image\":{\"@type\":\"ImageObject\",\"inLanguage\":\"pt-BR\",\"@id\":\"https:\/\/www.lambent.com\/#\/schema\/person\/image\/\",\"url\":\"https:\/\/secure.gravatar.com\/avatar\/cee08dbf453c77a9bce2f45d0ea13ce80c0d663a0af16347a6ff43663199f641?s=96&d=mm&r=g\",\"contentUrl\":\"https:\/\/secure.gravatar.com\/avatar\/cee08dbf453c77a9bce2f45d0ea13ce80c0d663a0af16347a6ff43663199f641?s=96&d=mm&r=g\",\"caption\":\"Alex Guerreiro\"},\"url\":\"https:\/\/www.lambent.com\/pt-br\/author\/aguerreiro\/\"}]}<\/script>\n<!-- \/ Yoast SEO plugin. -->","yoast_head_json":{"title":"Educa\u00e7\u00e3o Moral e C\u00edvica \u2013 por Andrea Lages - Lambent","robots":{"index":"index","follow":"follow","max-snippet":"max-snippet:-1","max-image-preview":"max-image-preview:large","max-video-preview":"max-video-preview:-1"},"canonical":"https:\/\/www.lambent.com\/pt-br\/educacao-moral-e-civica-por-andrea-lages\/","og_locale":"pt_BR","og_type":"article","og_title":"Educa\u00e7\u00e3o Moral e C\u00edvica \u2013 por Andrea Lages - Lambent","og_description":"Nos meus primeiros anos de escola, uma das minhas mat\u00e9rias favoritas se chamava Educa\u00e7\u00e3o Moral e C\u00edvica. Dependendo da \u00e9poca em que cada leitor viveu a sua inf\u00e2ncia, saber\u00e1 a que me refiro. Para os que n\u00e3o conhecem, a E.M.C. era uma mat\u00e9ria formal e obrigat\u00f3ria nas escolas, que tinha como intuito ajudar a formar [&hellip;]","og_url":"https:\/\/www.lambent.com\/pt-br\/educacao-moral-e-civica-por-andrea-lages\/","og_site_name":"Lambent","article_published_time":"2018-01-29T16:37:12+00:00","article_modified_time":"2018-02-02T23:27:43+00:00","og_image":[{"url":"http:\/\/www.lambent.com\/wp-content\/uploads\/2018\/02\/Educacao-Andrea-diego-martinez-397253-menor-300x240.jpg","type":"","width":"","height":""}],"author":"Alex Guerreiro","twitter_misc":{"Escrito por":"Alex Guerreiro","Est. tempo de leitura":"4 minutos"},"schema":{"@context":"https:\/\/schema.org","@graph":[{"@type":"Article","@id":"https:\/\/www.lambent.com\/pt-br\/educacao-moral-e-civica-por-andrea-lages\/#article","isPartOf":{"@id":"https:\/\/www.lambent.com\/pt-br\/educacao-moral-e-civica-por-andrea-lages\/"},"author":{"name":"Alex Guerreiro","@id":"https:\/\/www.lambent.com\/#\/schema\/person\/a4c7edffc6de1ead0f3d6cc500075d55"},"headline":"Educa\u00e7\u00e3o Moral e C\u00edvica \u2013 por Andrea Lages","datePublished":"2018-01-29T16:37:12+00:00","dateModified":"2018-02-02T23:27:43+00:00","mainEntityOfPage":{"@id":"https:\/\/www.lambent.com\/pt-br\/educacao-moral-e-civica-por-andrea-lages\/"},"wordCount":768,"image":{"@id":"https:\/\/www.lambent.com\/pt-br\/educacao-moral-e-civica-por-andrea-lages\/#primaryimage"},"thumbnailUrl":"http:\/\/www.lambent.com\/wp-content\/uploads\/2018\/02\/Educacao-Andrea-diego-martinez-397253-menor-300x240.jpg","articleSection":["Articles","Blog","Ultimas Noticias"],"inLanguage":"pt-BR"},{"@type":"WebPage","@id":"https:\/\/www.lambent.com\/pt-br\/educacao-moral-e-civica-por-andrea-lages\/","url":"https:\/\/www.lambent.com\/pt-br\/educacao-moral-e-civica-por-andrea-lages\/","name":"Educa\u00e7\u00e3o Moral e C\u00edvica \u2013 por Andrea Lages - Lambent","isPartOf":{"@id":"https:\/\/www.lambent.com\/#website"},"primaryImageOfPage":{"@id":"https:\/\/www.lambent.com\/pt-br\/educacao-moral-e-civica-por-andrea-lages\/#primaryimage"},"image":{"@id":"https:\/\/www.lambent.com\/pt-br\/educacao-moral-e-civica-por-andrea-lages\/#primaryimage"},"thumbnailUrl":"http:\/\/www.lambent.com\/wp-content\/uploads\/2018\/02\/Educacao-Andrea-diego-martinez-397253-menor-300x240.jpg","datePublished":"2018-01-29T16:37:12+00:00","dateModified":"2018-02-02T23:27:43+00:00","author":{"@id":"https:\/\/www.lambent.com\/#\/schema\/person\/a4c7edffc6de1ead0f3d6cc500075d55"},"inLanguage":"pt-BR","potentialAction":[{"@type":"ReadAction","target":["https:\/\/www.lambent.com\/pt-br\/educacao-moral-e-civica-por-andrea-lages\/"]}]},{"@type":"ImageObject","inLanguage":"pt-BR","@id":"https:\/\/www.lambent.com\/pt-br\/educacao-moral-e-civica-por-andrea-lages\/#primaryimage","url":"http:\/\/www.lambent.com\/wp-content\/uploads\/2018\/02\/Educacao-Andrea-diego-martinez-397253-menor-300x240.jpg","contentUrl":"http:\/\/www.lambent.com\/wp-content\/uploads\/2018\/02\/Educacao-Andrea-diego-martinez-397253-menor-300x240.jpg"},{"@type":"WebSite","@id":"https:\/\/www.lambent.com\/#website","url":"https:\/\/www.lambent.com\/","name":"Lambent","description":"International Coaching Training","potentialAction":[{"@type":"SearchAction","target":{"@type":"EntryPoint","urlTemplate":"https:\/\/www.lambent.com\/?s={search_term_string}"},"query-input":{"@type":"PropertyValueSpecification","valueRequired":true,"valueName":"search_term_string"}}],"inLanguage":"pt-BR"},{"@type":"Person","@id":"https:\/\/www.lambent.com\/#\/schema\/person\/a4c7edffc6de1ead0f3d6cc500075d55","name":"Alex Guerreiro","image":{"@type":"ImageObject","inLanguage":"pt-BR","@id":"https:\/\/www.lambent.com\/#\/schema\/person\/image\/","url":"https:\/\/secure.gravatar.com\/avatar\/cee08dbf453c77a9bce2f45d0ea13ce80c0d663a0af16347a6ff43663199f641?s=96&d=mm&r=g","contentUrl":"https:\/\/secure.gravatar.com\/avatar\/cee08dbf453c77a9bce2f45d0ea13ce80c0d663a0af16347a6ff43663199f641?s=96&d=mm&r=g","caption":"Alex Guerreiro"},"url":"https:\/\/www.lambent.com\/pt-br\/author\/aguerreiro\/"}]}},"_links":{"self":[{"href":"https:\/\/www.lambent.com\/pt-br\/wp-json\/wp\/v2\/posts\/9932\/"}],"collection":[{"href":"https:\/\/www.lambent.com\/pt-br\/wp-json\/wp\/v2\/posts\/"}],"about":[{"href":"https:\/\/www.lambent.com\/pt-br\/wp-json\/wp\/v2\/types\/post\/"}],"author":[{"embeddable":true,"href":"https:\/\/www.lambent.com\/pt-br\/wp-json\/wp\/v2\/users\/11\/"}],"replies":[{"embeddable":true,"href":"https:\/\/www.lambent.com\/pt-br\/wp-json\/wp\/v2\/comments\/?post=9932"}],"version-history":[{"count":10,"href":"https:\/\/www.lambent.com\/pt-br\/wp-json\/wp\/v2\/posts\/9932\/revisions\/"}],"predecessor-version":[{"id":9968,"href":"https:\/\/www.lambent.com\/pt-br\/wp-json\/wp\/v2\/posts\/9932\/revisions\/9968\/"}],"wp:attachment":[{"href":"https:\/\/www.lambent.com\/pt-br\/wp-json\/wp\/v2\/media\/?parent=9932"}],"wp:term":[{"taxonomy":"category","embeddable":true,"href":"https:\/\/www.lambent.com\/pt-br\/wp-json\/wp\/v2\/categories\/?post=9932"},{"taxonomy":"post_tag","embeddable":true,"href":"https:\/\/www.lambent.com\/pt-br\/wp-json\/wp\/v2\/tags\/?post=9932"}],"curies":[{"name":"wp","href":"https:\/\/api.w.org\/{rel}","templated":true}]}}