{"id":10004,"date":"2018-03-21T16:27:20","date_gmt":"2018-03-21T16:27:20","guid":{"rendered":"http:\/\/www.lambent.com\/?p=10004"},"modified":"2018-03-21T16:51:20","modified_gmt":"2018-03-21T16:51:20","slug":"depoimentos-de-stella-rangel-empresaria-e-de-edson-arita-gestor-de-marketing-da-pampili-sobre-a-ultima-certificacao-internacional-em-coaching-em-sao-paulo","status":"publish","type":"post","link":"https:\/\/www.lambent.com\/pt-br\/depoimentos-de-stella-rangel-empresaria-e-de-edson-arita-gestor-de-marketing-da-pampili-sobre-a-ultima-certificacao-internacional-em-coaching-em-sao-paulo\/","title":{"rendered":"Depoimentos de Stella Rangel (empres\u00e1ria) e de Edson Arita (Gestor de Marketing da Pampili) sobre a \u00faltima Certifica\u00e7\u00e3o Internacional em Coaching, oferecida por Andrea Lages em S\u00e3o Paulo."},"content":{"rendered":"<h5>N\u00f3s da Lambent temos muito orgulho em compartilhar mais dois depoimentos incr\u00edveis de dois participantes da \u00faltima Certifica\u00e7\u00e3o Internacional em Coaching oferecida por Andrea Lages, este m\u00eas, em S\u00e3o Paulo. Desejamos todo o sucesso do mundo a Stella Rangel e Edson Arita, futuros coaches formados pela Lambent e certificados pela ICC (International Coaching Community).<\/h5>\n<p>&nbsp;<\/p>\n<p><a href=\"http:\/\/www.lambent.com\/wp-content\/uploads\/2018\/03\/testemunhal_stella_rangel.jpg\"><img loading=\"lazy\" decoding=\"async\" class=\"wp-image-10005 alignleft\" src=\"http:\/\/www.lambent.com\/wp-content\/uploads\/2018\/03\/testemunhal_stella_rangel-300x300.jpg\" alt=\"\" width=\"310\" height=\"310\" srcset=\"https:\/\/www.lambent.com\/wp-content\/uploads\/2018\/03\/testemunhal_stella_rangel-300x300.jpg 300w, https:\/\/www.lambent.com\/wp-content\/uploads\/2018\/03\/testemunhal_stella_rangel-150x150.jpg 150w, https:\/\/www.lambent.com\/wp-content\/uploads\/2018\/03\/testemunhal_stella_rangel-768x768.jpg 768w, https:\/\/www.lambent.com\/wp-content\/uploads\/2018\/03\/testemunhal_stella_rangel.jpg 960w\" sizes=\"auto, (max-width: 310px) 100vw, 310px\" \/><\/a><\/p>\n<blockquote><p>&#8220;Estou apaixonada, achei que eu ia passar a semana inteira olhando para um Power Point, seguindo passo-a-passo e n\u00e3o foi nada disso que aconteceu. A metodologia criada pela Andrea tem um conte\u00fado riqu\u00edssimo, \u00e9 um quebra-cabe\u00e7a e no final faz todo o sentido. O que ela transmite simplesmente transforma as pessoas e n\u00e3o precisa de propaganda para isso.&#8221;<\/p><\/blockquote>\n<h5><strong><a href=\"https:\/\/www.youtube.com\/watch?v=zUxMHW2nmaQ\" target=\"_blank\" rel=\"noopener\">Veja aqui o depoimento completo<\/a> \u00bb<\/strong><\/h5>\n<p>&nbsp;<\/p>\n<p>&nbsp;<\/p>\n<p>&nbsp;<\/p>\n<h6><a href=\"http:\/\/www.lambent.com\/wp-content\/uploads\/2018\/03\/testemunhal_edson.jpg\"><img loading=\"lazy\" decoding=\"async\" class=\"wp-image-10006 alignleft\" src=\"http:\/\/www.lambent.com\/wp-content\/uploads\/2018\/03\/testemunhal_edson-300x300.jpg\" alt=\"\" width=\"310\" height=\"310\" srcset=\"https:\/\/www.lambent.com\/wp-content\/uploads\/2018\/03\/testemunhal_edson-300x300.jpg 300w, https:\/\/www.lambent.com\/wp-content\/uploads\/2018\/03\/testemunhal_edson-150x150.jpg 150w, https:\/\/www.lambent.com\/wp-content\/uploads\/2018\/03\/testemunhal_edson-768x768.jpg 768w, https:\/\/www.lambent.com\/wp-content\/uploads\/2018\/03\/testemunhal_edson.jpg 960w\" sizes=\"auto, (max-width: 310px) 100vw, 310px\" \/><em>\u00a0<\/em><\/a><\/h6>\n<blockquote><p>&#8220;O coaching \u00e9 um exerc\u00edcio de amor, esse processo mostra o coaching em sua ess\u00eancia. Foi uma semana intensa de autoconhecimento: como acessar as caixas pretas, como atrav\u00e9s de perguntas poderosas despertamos em cada um o melhor da sua ess\u00eancia, como atingir suas metas e objetivos. \u00c9 a melhor forma\u00e7\u00e3o de coaching que eu j\u00e1 participei, se n\u00e3o for a melhor do Brasil, com uma equipe de n\u00edvel internacional. Assino em baixo.&#8221;<\/p><\/blockquote>\n<h6><\/h6>\n<h5><strong><a href=\"https:\/\/www.youtube.com\/watch?v=Z5L4DZrHrP4&amp;t=29\" target=\"_blank\" rel=\"noopener\">Veja aqui o depoimento completo<\/a> \u00bb<\/strong><\/h5>\n<h5><\/h5>\n<p>&nbsp;<\/p>","protected":false},"excerpt":{"rendered":"<p>N\u00f3s da Lambent temos muito orgulho em compartilhar mais dois depoimentos incr\u00edveis de dois participantes da \u00faltima Certifica\u00e7\u00e3o Internacional em Coaching oferecida por Andrea Lages, este m\u00eas, em S\u00e3o Paulo. Desejamos todo o sucesso do mundo a Stella Rangel e Edson Arita, futuros coaches formados pela Lambent e certificados pela ICC (International Coaching Community). &nbsp; [&hellip;]<\/p>\n","protected":false},"author":11,"featured_media":0,"comment_status":"closed","ping_status":"closed","sticky":false,"template":"","format":"standard","meta":{"footnotes":""},"categories":[106,128,124,67],"tags":[],"class_list":["post-10004","post","type-post","status-publish","format-standard","hentry","category-articles-es","category-coaching-blog-lambent-pt-br","category-ultimas-noticias-2-pt-br","category-ultimas-noticias"],"yoast_head":"<!-- This site is optimized with the Yoast SEO plugin v26.8 - https:\/\/yoast.com\/product\/yoast-seo-wordpress\/ -->\n<title>Depoimentos de Stella Rangel (empres\u00e1ria) e de Edson Arita (Gestor de Marketing da Pampili) sobre a \u00faltima Certifica\u00e7\u00e3o Internacional em Coaching, oferecida por Andrea Lages em S\u00e3o Paulo. - Lambent<\/title>\n<meta name=\"robots\" content=\"index, follow, max-snippet:-1, max-image-preview:large, max-video-preview:-1\" \/>\n<link rel=\"canonical\" href=\"https:\/\/www.lambent.com\/pt-br\/depoimentos-de-stella-rangel-empresaria-e-de-edson-arita-gestor-de-marketing-da-pampili-sobre-a-ultima-certificacao-internacional-em-coaching-em-sao-paulo\/\" \/>\n<meta property=\"og:locale\" content=\"pt_BR\" \/>\n<meta property=\"og:type\" content=\"article\" \/>\n<meta property=\"og:title\" content=\"Depoimentos de Stella Rangel (empres\u00e1ria) e de Edson Arita (Gestor de Marketing da Pampili) sobre a \u00faltima Certifica\u00e7\u00e3o Internacional em Coaching, oferecida por Andrea Lages em S\u00e3o Paulo. - Lambent\" \/>\n<meta property=\"og:description\" content=\"N\u00f3s da Lambent temos muito orgulho em compartilhar mais dois depoimentos incr\u00edveis de dois participantes da \u00faltima Certifica\u00e7\u00e3o Internacional em Coaching oferecida por Andrea Lages, este m\u00eas, em S\u00e3o Paulo. Desejamos todo o sucesso do mundo a Stella Rangel e Edson Arita, futuros coaches formados pela Lambent e certificados pela ICC (International Coaching Community). &nbsp; [&hellip;]\" \/>\n<meta property=\"og:url\" content=\"https:\/\/www.lambent.com\/pt-br\/depoimentos-de-stella-rangel-empresaria-e-de-edson-arita-gestor-de-marketing-da-pampili-sobre-a-ultima-certificacao-internacional-em-coaching-em-sao-paulo\/\" \/>\n<meta property=\"og:site_name\" content=\"Lambent\" \/>\n<meta property=\"article:published_time\" content=\"2018-03-21T16:27:20+00:00\" \/>\n<meta property=\"article:modified_time\" content=\"2018-03-21T16:51:20+00:00\" \/>\n<meta property=\"og:image\" content=\"http:\/\/www.lambent.com\/wp-content\/uploads\/2018\/03\/testemunhal_stella_rangel-300x300.jpg\" \/>\n<meta name=\"author\" content=\"Alex Guerreiro\" \/>\n<meta name=\"twitter:label1\" content=\"Escrito por\" \/>\n\t<meta name=\"twitter:data1\" content=\"Alex Guerreiro\" \/>\n\t<meta name=\"twitter:label2\" content=\"Est. tempo de leitura\" \/>\n\t<meta name=\"twitter:data2\" content=\"1 minuto\" \/>\n<script type=\"application\/ld+json\" class=\"yoast-schema-graph\">{\"@context\":\"https:\/\/schema.org\",\"@graph\":[{\"@type\":\"Article\",\"@id\":\"https:\/\/www.lambent.com\/pt-br\/depoimentos-de-stella-rangel-empresaria-e-de-edson-arita-gestor-de-marketing-da-pampili-sobre-a-ultima-certificacao-internacional-em-coaching-em-sao-paulo\/#article\",\"isPartOf\":{\"@id\":\"https:\/\/www.lambent.com\/pt-br\/depoimentos-de-stella-rangel-empresaria-e-de-edson-arita-gestor-de-marketing-da-pampili-sobre-a-ultima-certificacao-internacional-em-coaching-em-sao-paulo\/\"},\"author\":{\"name\":\"Alex Guerreiro\",\"@id\":\"https:\/\/www.lambent.com\/#\/schema\/person\/a4c7edffc6de1ead0f3d6cc500075d55\"},\"headline\":\"Depoimentos de Stella Rangel (empres\u00e1ria) e de Edson Arita (Gestor de Marketing da Pampili) sobre a \u00faltima Certifica\u00e7\u00e3o Internacional em Coaching, oferecida por Andrea Lages em S\u00e3o Paulo.\",\"datePublished\":\"2018-03-21T16:27:20+00:00\",\"dateModified\":\"2018-03-21T16:51:20+00:00\",\"mainEntityOfPage\":{\"@id\":\"https:\/\/www.lambent.com\/pt-br\/depoimentos-de-stella-rangel-empresaria-e-de-edson-arita-gestor-de-marketing-da-pampili-sobre-a-ultima-certificacao-internacional-em-coaching-em-sao-paulo\/\"},\"wordCount\":244,\"image\":{\"@id\":\"https:\/\/www.lambent.com\/pt-br\/depoimentos-de-stella-rangel-empresaria-e-de-edson-arita-gestor-de-marketing-da-pampili-sobre-a-ultima-certificacao-internacional-em-coaching-em-sao-paulo\/#primaryimage\"},\"thumbnailUrl\":\"http:\/\/www.lambent.com\/wp-content\/uploads\/2018\/03\/testemunhal_stella_rangel-300x300.jpg\",\"articleSection\":[\"Articles\",\"Blog\",\"\u00daltimas Not\u00edcias\",\"Ultimas Noticias\"],\"inLanguage\":\"pt-BR\"},{\"@type\":\"WebPage\",\"@id\":\"https:\/\/www.lambent.com\/pt-br\/depoimentos-de-stella-rangel-empresaria-e-de-edson-arita-gestor-de-marketing-da-pampili-sobre-a-ultima-certificacao-internacional-em-coaching-em-sao-paulo\/\",\"url\":\"https:\/\/www.lambent.com\/pt-br\/depoimentos-de-stella-rangel-empresaria-e-de-edson-arita-gestor-de-marketing-da-pampili-sobre-a-ultima-certificacao-internacional-em-coaching-em-sao-paulo\/\",\"name\":\"Depoimentos de Stella Rangel (empres\u00e1ria) e de Edson Arita (Gestor de Marketing da Pampili) sobre a \u00faltima Certifica\u00e7\u00e3o Internacional em Coaching, oferecida por Andrea Lages em S\u00e3o Paulo. - Lambent\",\"isPartOf\":{\"@id\":\"https:\/\/www.lambent.com\/#website\"},\"primaryImageOfPage\":{\"@id\":\"https:\/\/www.lambent.com\/pt-br\/depoimentos-de-stella-rangel-empresaria-e-de-edson-arita-gestor-de-marketing-da-pampili-sobre-a-ultima-certificacao-internacional-em-coaching-em-sao-paulo\/#primaryimage\"},\"image\":{\"@id\":\"https:\/\/www.lambent.com\/pt-br\/depoimentos-de-stella-rangel-empresaria-e-de-edson-arita-gestor-de-marketing-da-pampili-sobre-a-ultima-certificacao-internacional-em-coaching-em-sao-paulo\/#primaryimage\"},\"thumbnailUrl\":\"http:\/\/www.lambent.com\/wp-content\/uploads\/2018\/03\/testemunhal_stella_rangel-300x300.jpg\",\"datePublished\":\"2018-03-21T16:27:20+00:00\",\"dateModified\":\"2018-03-21T16:51:20+00:00\",\"author\":{\"@id\":\"https:\/\/www.lambent.com\/#\/schema\/person\/a4c7edffc6de1ead0f3d6cc500075d55\"},\"inLanguage\":\"pt-BR\",\"potentialAction\":[{\"@type\":\"ReadAction\",\"target\":[\"https:\/\/www.lambent.com\/pt-br\/depoimentos-de-stella-rangel-empresaria-e-de-edson-arita-gestor-de-marketing-da-pampili-sobre-a-ultima-certificacao-internacional-em-coaching-em-sao-paulo\/\"]}]},{\"@type\":\"ImageObject\",\"inLanguage\":\"pt-BR\",\"@id\":\"https:\/\/www.lambent.com\/pt-br\/depoimentos-de-stella-rangel-empresaria-e-de-edson-arita-gestor-de-marketing-da-pampili-sobre-a-ultima-certificacao-internacional-em-coaching-em-sao-paulo\/#primaryimage\",\"url\":\"http:\/\/www.lambent.com\/wp-content\/uploads\/2018\/03\/testemunhal_stella_rangel-300x300.jpg\",\"contentUrl\":\"http:\/\/www.lambent.com\/wp-content\/uploads\/2018\/03\/testemunhal_stella_rangel-300x300.jpg\"},{\"@type\":\"WebSite\",\"@id\":\"https:\/\/www.lambent.com\/#website\",\"url\":\"https:\/\/www.lambent.com\/\",\"name\":\"Lambent\",\"description\":\"International Coaching Training\",\"potentialAction\":[{\"@type\":\"SearchAction\",\"target\":{\"@type\":\"EntryPoint\",\"urlTemplate\":\"https:\/\/www.lambent.com\/?s={search_term_string}\"},\"query-input\":{\"@type\":\"PropertyValueSpecification\",\"valueRequired\":true,\"valueName\":\"search_term_string\"}}],\"inLanguage\":\"pt-BR\"},{\"@type\":\"Person\",\"@id\":\"https:\/\/www.lambent.com\/#\/schema\/person\/a4c7edffc6de1ead0f3d6cc500075d55\",\"name\":\"Alex Guerreiro\",\"image\":{\"@type\":\"ImageObject\",\"inLanguage\":\"pt-BR\",\"@id\":\"https:\/\/www.lambent.com\/#\/schema\/person\/image\/\",\"url\":\"https:\/\/secure.gravatar.com\/avatar\/cee08dbf453c77a9bce2f45d0ea13ce80c0d663a0af16347a6ff43663199f641?s=96&d=mm&r=g\",\"contentUrl\":\"https:\/\/secure.gravatar.com\/avatar\/cee08dbf453c77a9bce2f45d0ea13ce80c0d663a0af16347a6ff43663199f641?s=96&d=mm&r=g\",\"caption\":\"Alex Guerreiro\"},\"url\":\"https:\/\/www.lambent.com\/pt-br\/author\/aguerreiro\/\"}]}<\/script>\n<!-- \/ Yoast SEO plugin. -->","yoast_head_json":{"title":"Depoimentos de Stella Rangel (empres\u00e1ria) e de Edson Arita (Gestor de Marketing da Pampili) sobre a \u00faltima Certifica\u00e7\u00e3o Internacional em Coaching, oferecida por Andrea Lages em S\u00e3o Paulo. - Lambent","robots":{"index":"index","follow":"follow","max-snippet":"max-snippet:-1","max-image-preview":"max-image-preview:large","max-video-preview":"max-video-preview:-1"},"canonical":"https:\/\/www.lambent.com\/pt-br\/depoimentos-de-stella-rangel-empresaria-e-de-edson-arita-gestor-de-marketing-da-pampili-sobre-a-ultima-certificacao-internacional-em-coaching-em-sao-paulo\/","og_locale":"pt_BR","og_type":"article","og_title":"Depoimentos de Stella Rangel (empres\u00e1ria) e de Edson Arita (Gestor de Marketing da Pampili) sobre a \u00faltima Certifica\u00e7\u00e3o Internacional em Coaching, oferecida por Andrea Lages em S\u00e3o Paulo. - Lambent","og_description":"N\u00f3s da Lambent temos muito orgulho em compartilhar mais dois depoimentos incr\u00edveis de dois participantes da \u00faltima Certifica\u00e7\u00e3o Internacional em Coaching oferecida por Andrea Lages, este m\u00eas, em S\u00e3o Paulo. Desejamos todo o sucesso do mundo a Stella Rangel e Edson Arita, futuros coaches formados pela Lambent e certificados pela ICC (International Coaching Community). &nbsp; [&hellip;]","og_url":"https:\/\/www.lambent.com\/pt-br\/depoimentos-de-stella-rangel-empresaria-e-de-edson-arita-gestor-de-marketing-da-pampili-sobre-a-ultima-certificacao-internacional-em-coaching-em-sao-paulo\/","og_site_name":"Lambent","article_published_time":"2018-03-21T16:27:20+00:00","article_modified_time":"2018-03-21T16:51:20+00:00","og_image":[{"url":"http:\/\/www.lambent.com\/wp-content\/uploads\/2018\/03\/testemunhal_stella_rangel-300x300.jpg","type":"","width":"","height":""}],"author":"Alex Guerreiro","twitter_misc":{"Escrito por":"Alex Guerreiro","Est. tempo de leitura":"1 minuto"},"schema":{"@context":"https:\/\/schema.org","@graph":[{"@type":"Article","@id":"https:\/\/www.lambent.com\/pt-br\/depoimentos-de-stella-rangel-empresaria-e-de-edson-arita-gestor-de-marketing-da-pampili-sobre-a-ultima-certificacao-internacional-em-coaching-em-sao-paulo\/#article","isPartOf":{"@id":"https:\/\/www.lambent.com\/pt-br\/depoimentos-de-stella-rangel-empresaria-e-de-edson-arita-gestor-de-marketing-da-pampili-sobre-a-ultima-certificacao-internacional-em-coaching-em-sao-paulo\/"},"author":{"name":"Alex Guerreiro","@id":"https:\/\/www.lambent.com\/#\/schema\/person\/a4c7edffc6de1ead0f3d6cc500075d55"},"headline":"Depoimentos de Stella Rangel (empres\u00e1ria) e de Edson Arita (Gestor de Marketing da Pampili) sobre a \u00faltima Certifica\u00e7\u00e3o Internacional em Coaching, oferecida por Andrea Lages em S\u00e3o Paulo.","datePublished":"2018-03-21T16:27:20+00:00","dateModified":"2018-03-21T16:51:20+00:00","mainEntityOfPage":{"@id":"https:\/\/www.lambent.com\/pt-br\/depoimentos-de-stella-rangel-empresaria-e-de-edson-arita-gestor-de-marketing-da-pampili-sobre-a-ultima-certificacao-internacional-em-coaching-em-sao-paulo\/"},"wordCount":244,"image":{"@id":"https:\/\/www.lambent.com\/pt-br\/depoimentos-de-stella-rangel-empresaria-e-de-edson-arita-gestor-de-marketing-da-pampili-sobre-a-ultima-certificacao-internacional-em-coaching-em-sao-paulo\/#primaryimage"},"thumbnailUrl":"http:\/\/www.lambent.com\/wp-content\/uploads\/2018\/03\/testemunhal_stella_rangel-300x300.jpg","articleSection":["Articles","Blog","\u00daltimas Not\u00edcias","Ultimas Noticias"],"inLanguage":"pt-BR"},{"@type":"WebPage","@id":"https:\/\/www.lambent.com\/pt-br\/depoimentos-de-stella-rangel-empresaria-e-de-edson-arita-gestor-de-marketing-da-pampili-sobre-a-ultima-certificacao-internacional-em-coaching-em-sao-paulo\/","url":"https:\/\/www.lambent.com\/pt-br\/depoimentos-de-stella-rangel-empresaria-e-de-edson-arita-gestor-de-marketing-da-pampili-sobre-a-ultima-certificacao-internacional-em-coaching-em-sao-paulo\/","name":"Depoimentos de Stella Rangel (empres\u00e1ria) e de Edson Arita (Gestor de Marketing da Pampili) sobre a \u00faltima Certifica\u00e7\u00e3o Internacional em Coaching, oferecida por Andrea Lages em S\u00e3o Paulo. - Lambent","isPartOf":{"@id":"https:\/\/www.lambent.com\/#website"},"primaryImageOfPage":{"@id":"https:\/\/www.lambent.com\/pt-br\/depoimentos-de-stella-rangel-empresaria-e-de-edson-arita-gestor-de-marketing-da-pampili-sobre-a-ultima-certificacao-internacional-em-coaching-em-sao-paulo\/#primaryimage"},"image":{"@id":"https:\/\/www.lambent.com\/pt-br\/depoimentos-de-stella-rangel-empresaria-e-de-edson-arita-gestor-de-marketing-da-pampili-sobre-a-ultima-certificacao-internacional-em-coaching-em-sao-paulo\/#primaryimage"},"thumbnailUrl":"http:\/\/www.lambent.com\/wp-content\/uploads\/2018\/03\/testemunhal_stella_rangel-300x300.jpg","datePublished":"2018-03-21T16:27:20+00:00","dateModified":"2018-03-21T16:51:20+00:00","author":{"@id":"https:\/\/www.lambent.com\/#\/schema\/person\/a4c7edffc6de1ead0f3d6cc500075d55"},"inLanguage":"pt-BR","potentialAction":[{"@type":"ReadAction","target":["https:\/\/www.lambent.com\/pt-br\/depoimentos-de-stella-rangel-empresaria-e-de-edson-arita-gestor-de-marketing-da-pampili-sobre-a-ultima-certificacao-internacional-em-coaching-em-sao-paulo\/"]}]},{"@type":"ImageObject","inLanguage":"pt-BR","@id":"https:\/\/www.lambent.com\/pt-br\/depoimentos-de-stella-rangel-empresaria-e-de-edson-arita-gestor-de-marketing-da-pampili-sobre-a-ultima-certificacao-internacional-em-coaching-em-sao-paulo\/#primaryimage","url":"http:\/\/www.lambent.com\/wp-content\/uploads\/2018\/03\/testemunhal_stella_rangel-300x300.jpg","contentUrl":"http:\/\/www.lambent.com\/wp-content\/uploads\/2018\/03\/testemunhal_stella_rangel-300x300.jpg"},{"@type":"WebSite","@id":"https:\/\/www.lambent.com\/#website","url":"https:\/\/www.lambent.com\/","name":"Lambent","description":"International Coaching Training","potentialAction":[{"@type":"SearchAction","target":{"@type":"EntryPoint","urlTemplate":"https:\/\/www.lambent.com\/?s={search_term_string}"},"query-input":{"@type":"PropertyValueSpecification","valueRequired":true,"valueName":"search_term_string"}}],"inLanguage":"pt-BR"},{"@type":"Person","@id":"https:\/\/www.lambent.com\/#\/schema\/person\/a4c7edffc6de1ead0f3d6cc500075d55","name":"Alex Guerreiro","image":{"@type":"ImageObject","inLanguage":"pt-BR","@id":"https:\/\/www.lambent.com\/#\/schema\/person\/image\/","url":"https:\/\/secure.gravatar.com\/avatar\/cee08dbf453c77a9bce2f45d0ea13ce80c0d663a0af16347a6ff43663199f641?s=96&d=mm&r=g","contentUrl":"https:\/\/secure.gravatar.com\/avatar\/cee08dbf453c77a9bce2f45d0ea13ce80c0d663a0af16347a6ff43663199f641?s=96&d=mm&r=g","caption":"Alex Guerreiro"},"url":"https:\/\/www.lambent.com\/pt-br\/author\/aguerreiro\/"}]}},"_links":{"self":[{"href":"https:\/\/www.lambent.com\/pt-br\/wp-json\/wp\/v2\/posts\/10004\/"}],"collection":[{"href":"https:\/\/www.lambent.com\/pt-br\/wp-json\/wp\/v2\/posts\/"}],"about":[{"href":"https:\/\/www.lambent.com\/pt-br\/wp-json\/wp\/v2\/types\/post\/"}],"author":[{"embeddable":true,"href":"https:\/\/www.lambent.com\/pt-br\/wp-json\/wp\/v2\/users\/11\/"}],"replies":[{"embeddable":true,"href":"https:\/\/www.lambent.com\/pt-br\/wp-json\/wp\/v2\/comments\/?post=10004"}],"version-history":[{"count":9,"href":"https:\/\/www.lambent.com\/pt-br\/wp-json\/wp\/v2\/posts\/10004\/revisions\/"}],"predecessor-version":[{"id":10015,"href":"https:\/\/www.lambent.com\/pt-br\/wp-json\/wp\/v2\/posts\/10004\/revisions\/10015\/"}],"wp:attachment":[{"href":"https:\/\/www.lambent.com\/pt-br\/wp-json\/wp\/v2\/media\/?parent=10004"}],"wp:term":[{"taxonomy":"category","embeddable":true,"href":"https:\/\/www.lambent.com\/pt-br\/wp-json\/wp\/v2\/categories\/?post=10004"},{"taxonomy":"post_tag","embeddable":true,"href":"https:\/\/www.lambent.com\/pt-br\/wp-json\/wp\/v2\/tags\/?post=10004"}],"curies":[{"name":"wp","href":"https:\/\/api.w.org\/{rel}","templated":true}]}}